{"id":50,"date":"2023-02-07T15:24:36","date_gmt":"2023-02-07T15:24:36","guid":{"rendered":"https:\/\/jotteimeitaunohdettaisi.fi\/?p=50"},"modified":"2026-01-11T07:01:30","modified_gmt":"2026-01-11T07:01:30","slug":"sallin-ja-aleksin-valokuvakirja","status":"publish","type":"post","link":"https:\/\/jotteimeitaunohdettaisi.fi\/index.php\/2023\/02\/07\/sallin-ja-aleksin-valokuvakirja\/","title":{"rendered":"Sallin ja Aleksin valokuvakirja"},"content":{"rendered":"<div class=\"wp-block-image\">\n<figure class=\"aligncenter size-large is-resized\"><img loading=\"lazy\" decoding=\"async\" width=\"724\" height=\"1024\" src=\"https:\/\/jotteimeitaunohdettaisi.fi\/wp-content\/uploads\/2023\/02\/kansi_SallijaAleksi_12_02_script-724x1024.jpg\" alt=\"\" class=\"wp-image-161\" style=\"aspect-ratio:0.706875753920386;width:395px;height:auto\" srcset=\"https:\/\/jotteimeitaunohdettaisi.fi\/wp-content\/uploads\/2023\/02\/kansi_SallijaAleksi_12_02_script-724x1024.jpg 724w, https:\/\/jotteimeitaunohdettaisi.fi\/wp-content\/uploads\/2023\/02\/kansi_SallijaAleksi_12_02_script-212x300.jpg 212w, https:\/\/jotteimeitaunohdettaisi.fi\/wp-content\/uploads\/2023\/02\/kansi_SallijaAleksi_12_02_script-768x1086.jpg 768w, https:\/\/jotteimeitaunohdettaisi.fi\/wp-content\/uploads\/2023\/02\/kansi_SallijaAleksi_12_02_script-1086x1536.jpg 1086w, https:\/\/jotteimeitaunohdettaisi.fi\/wp-content\/uploads\/2023\/02\/kansi_SallijaAleksi_12_02_script-1140x1612.jpg 1140w, https:\/\/jotteimeitaunohdettaisi.fi\/wp-content\/uploads\/2023\/02\/kansi_SallijaAleksi_12_02_script.jpg 1200w\" sizes=\"auto, (max-width: 724px) 100vw, 724px\" \/><figcaption class=\"wp-element-caption\">Kansi<\/figcaption><\/figure>\n<\/div>\n\n\n<p class=\"has-text-align-left\"><strong>Sallin ja Aleksin<\/strong> tarina alkoi, kun he tapasivat toisensa Aleksin veljen V\u00e4in\u00f6n h\u00e4\u00e4valmisteluissa, joihin Salli oli ollut tulossa avustamaan yst\u00e4v\u00e4\u00e4ns\u00e4 Pirkkoa, joka oli tuolloin V\u00e4in\u00f6n morsian. Aleksi oli hakenut Sotkamosta linja-autolla tulleen Sallin linja-autoseisokilta, ja jo matkalla h\u00e4\u00e4paikalle, he ihastuivat toisiinsa. Siit\u00e4 alkoi heid\u00e4n tarinansa.<\/p>\n\n\n<div class=\"wp-block-image\">\n<figure class=\"aligncenter size-full\"><img loading=\"lazy\" decoding=\"async\" width=\"958\" height=\"633\" src=\"https:\/\/jotteimeitaunohdettaisi.fi\/wp-content\/uploads\/2023\/02\/Raivion-pihalla-kuvattuna-vihkitilaisuus2.jpg\" alt=\"\" class=\"wp-image-53\" srcset=\"https:\/\/jotteimeitaunohdettaisi.fi\/wp-content\/uploads\/2023\/02\/Raivion-pihalla-kuvattuna-vihkitilaisuus2.jpg 958w, https:\/\/jotteimeitaunohdettaisi.fi\/wp-content\/uploads\/2023\/02\/Raivion-pihalla-kuvattuna-vihkitilaisuus2-300x198.jpg 300w, https:\/\/jotteimeitaunohdettaisi.fi\/wp-content\/uploads\/2023\/02\/Raivion-pihalla-kuvattuna-vihkitilaisuus2-768x507.jpg 768w, https:\/\/jotteimeitaunohdettaisi.fi\/wp-content\/uploads\/2023\/02\/Raivion-pihalla-kuvattuna-vihkitilaisuus2-500x330.jpg 500w\" sizes=\"auto, (max-width: 958px) 100vw, 958px\" \/><figcaption class=\"wp-element-caption\">Sallin kotitalon pihalla Sotkamossa kuvattu vihkitilaisuus hein\u00e4kuussa 1955. Tilaisuuden valokuvaaja ei ole tiedossa.<\/figcaption><\/figure>\n<\/div>\n\n<div class=\"wp-block-image\">\n<figure class=\"aligncenter size-large is-resized\"><img loading=\"lazy\" decoding=\"async\" width=\"625\" height=\"1024\" src=\"https:\/\/jotteimeitaunohdettaisi.fi\/wp-content\/uploads\/2023\/02\/Aleksi-ja-Salli-Raivion-pihassa-kuvattuna-haapaivanaan2-625x1024.jpg\" alt=\"\" class=\"wp-image-51\" style=\"aspect-ratio:0.6105882352941177;width:399px;height:auto\" srcset=\"https:\/\/jotteimeitaunohdettaisi.fi\/wp-content\/uploads\/2023\/02\/Aleksi-ja-Salli-Raivion-pihassa-kuvattuna-haapaivanaan2-625x1024.jpg 625w, https:\/\/jotteimeitaunohdettaisi.fi\/wp-content\/uploads\/2023\/02\/Aleksi-ja-Salli-Raivion-pihassa-kuvattuna-haapaivanaan2-183x300.jpg 183w, https:\/\/jotteimeitaunohdettaisi.fi\/wp-content\/uploads\/2023\/02\/Aleksi-ja-Salli-Raivion-pihassa-kuvattuna-haapaivanaan2-768x1259.jpg 768w, https:\/\/jotteimeitaunohdettaisi.fi\/wp-content\/uploads\/2023\/02\/Aleksi-ja-Salli-Raivion-pihassa-kuvattuna-haapaivanaan2-937x1536.jpg 937w, https:\/\/jotteimeitaunohdettaisi.fi\/wp-content\/uploads\/2023\/02\/Aleksi-ja-Salli-Raivion-pihassa-kuvattuna-haapaivanaan2.jpg 950w\" sizes=\"auto, (max-width: 625px) 100vw, 625px\" \/><figcaption class=\"wp-element-caption\">Salli ja Aleksi Raivion pihassa kuvattuna h\u00e4\u00e4p\u00e4iv\u00e4n\u00e4\u00e4n. <\/figcaption><\/figure>\n<\/div>\n\n\n<p>Salli ja Aleksi saivat nelj\u00e4 lasta. Matti syntyi esikoisena vuonna 1956, Elsa vuonna 1958, Irja vuonna 1962 ja Tuulikki kuopuksena vuonna 1964. <\/p>\n\n\n\n<p><\/p>\n\n\n\n<p>Heid\u00e4n maatilansa sijaitsi Kajaanin Lehtovaaralla Juppilan tilalla, jossa he viljeliv\u00e4t peltoja ja kasvattivat p\u00e4\u00e4asiassa nautakarjaa. <\/p>\n\n\n\n<figure class=\"wp-block-image size-full is-resized\"><img loading=\"lazy\" decoding=\"async\" width=\"1024\" height=\"904\" src=\"https:\/\/jotteimeitaunohdettaisi.fi\/wp-content\/uploads\/2023\/02\/Kirjavalan-talo-tieltapain-vanhempi-kesakuva-1024x904_2.jpg\" alt=\"\" class=\"wp-image-165\" style=\"width:810px;height:auto\" srcset=\"https:\/\/jotteimeitaunohdettaisi.fi\/wp-content\/uploads\/2023\/02\/Kirjavalan-talo-tieltapain-vanhempi-kesakuva-1024x904_2.jpg 1024w, https:\/\/jotteimeitaunohdettaisi.fi\/wp-content\/uploads\/2023\/02\/Kirjavalan-talo-tieltapain-vanhempi-kesakuva-1024x904_2-300x265.jpg 300w, https:\/\/jotteimeitaunohdettaisi.fi\/wp-content\/uploads\/2023\/02\/Kirjavalan-talo-tieltapain-vanhempi-kesakuva-1024x904_2-768x678.jpg 768w\" sizes=\"auto, (max-width: 1024px) 100vw, 1024px\" \/><figcaption class=\"wp-element-caption\">Juppilan talo ja oikealla navetta 1970-luvulla.<\/figcaption><\/figure>\n\n\n\n<p><strong>JUPPILAN TILAN HISTORIA LYHYESTI<\/strong><\/p>\n\n\n\n<p>Juppilan tila lohkottiin vuonna 1957 Kymi Oy:n omistamasta Kirjavala nimisest\u00e4 kantatilasta, jolla sijaitsi mets\u00e4nvartijan talo. Mets\u00e4nvartijan talo sijaitsi kuvassa olevan vaalean p\u00e4\u00e4rakennuksen takana. <\/p>\n\n\n\n<p>Kymi Oy:n omistamaa Kirjavala nimist\u00e4 kantatilaa Suomen valtio k\u00e4ytti hyv\u00e4kseen asuttaessa Karjalaista v\u00e4est\u00f6\u00e4 Suomeen toisen maailmansodan j\u00e4lkeen. Kantatilalle asettuivat ensin asumaan vuokralle vuoden 1946 aikana Aleksin vanhemmat Anni ja Mikko perheineen. My\u00f6hemmin heille tuli mahdollisuus ostaa siit\u00e4 omistukseensa m\u00e4\u00e4r\u00e4ala, johon tilaisuuteen Anni ja Mikko Juppi tarttuivat vanhimman poikansa Johanneksen ja h\u00e4nen vaimonsa Ullan kanssa. Niinp\u00e4 Kirjavalan kantatilasta saatiin lohkottua kes\u00e4kuussa vuonna 1957 uusi m\u00e4\u00e4r\u00e4ala, joka nimettiin Juppilan tilaksi. Annin ja Mikon menehdytty\u00e4 Juppilan tila jaettiin viel\u00e4 puoliksi heid\u00e4n rintamamiespoikiensa Aleksin ja Johanneksen kesken. Toinen tila joka oli nimelt\u00e4\u00e4n Juppila j\u00e4i Aleksin ja h\u00e4nen puolisonsa Sallin haltuun ja toinen tila nimelt\u00e4\u00e4n Kivel\u00e4 j\u00e4i Johanneksen ja Ullan haltuun.<\/p>\n\n\n\n<p>.<\/p>\n\n\n\n<p class=\"has-text-align-center\"><strong>MAATILAN EL\u00c4M\u00c4\u00c4<\/strong><\/p>\n\n\n<div class=\"wp-block-image\">\n<figure class=\"aligncenter size-full is-resized\"><img loading=\"lazy\" decoding=\"async\" width=\"686\" height=\"1010\" src=\"https:\/\/jotteimeitaunohdettaisi.fi\/wp-content\/uploads\/2024\/02\/Aleksi-heinanteossa.jpg\" alt=\"\" class=\"wp-image-509\" style=\"width:537px;height:auto\" srcset=\"https:\/\/jotteimeitaunohdettaisi.fi\/wp-content\/uploads\/2024\/02\/Aleksi-heinanteossa.jpg 686w, https:\/\/jotteimeitaunohdettaisi.fi\/wp-content\/uploads\/2024\/02\/Aleksi-heinanteossa-204x300.jpg 204w\" sizes=\"auto, (max-width: 686px) 100vw, 686px\" \/><\/figure>\n<\/div>\n\n\n<p class=\"has-text-align-center\">Aleksi hein\u00e4nteossa ja Salli pihan kasvillisuutta niitt\u00e4m\u00e4ss\u00e4<\/p>\n\n\n<div class=\"wp-block-image\">\n<figure class=\"aligncenter size-full is-resized\"><img loading=\"lazy\" decoding=\"async\" width=\"869\" height=\"586\" src=\"https:\/\/jotteimeitaunohdettaisi.fi\/wp-content\/uploads\/2024\/02\/Salli-heinanteossa.jpg\" alt=\"\" class=\"wp-image-511\" style=\"width:537px;height:auto\" srcset=\"https:\/\/jotteimeitaunohdettaisi.fi\/wp-content\/uploads\/2024\/02\/Salli-heinanteossa.jpg 869w, https:\/\/jotteimeitaunohdettaisi.fi\/wp-content\/uploads\/2024\/02\/Salli-heinanteossa-300x202.jpg 300w, https:\/\/jotteimeitaunohdettaisi.fi\/wp-content\/uploads\/2024\/02\/Salli-heinanteossa-768x518.jpg 768w\" sizes=\"auto, (max-width: 869px) 100vw, 869px\" \/><\/figure>\n<\/div>\n\n\n<p>.<\/p>\n\n\n\n<p class=\"has-text-align-center\"><strong>KIRJAVALASSA OLI ERILAISIA EL\u00c4IMI\u00c4 JOISTA MUUTAMISTA ON J\u00c4\u00c4NYT TALTEEN VALOKUVIA <\/strong><\/p>\n\n\n<div class=\"wp-block-image\">\n<figure class=\"aligncenter size-large is-resized\"><img loading=\"lazy\" decoding=\"async\" width=\"974\" height=\"1024\" src=\"https:\/\/jotteimeitaunohdettaisi.fi\/wp-content\/uploads\/2024\/02\/Apila-ja-Terhikki-974x1024.jpg\" alt=\"\" class=\"wp-image-494\" style=\"width:536px;height:auto\" srcset=\"https:\/\/jotteimeitaunohdettaisi.fi\/wp-content\/uploads\/2024\/02\/Apila-ja-Terhikki-974x1024.jpg 974w, https:\/\/jotteimeitaunohdettaisi.fi\/wp-content\/uploads\/2024\/02\/Apila-ja-Terhikki-285x300.jpg 285w, https:\/\/jotteimeitaunohdettaisi.fi\/wp-content\/uploads\/2024\/02\/Apila-ja-Terhikki-768x807.jpg 768w, https:\/\/jotteimeitaunohdettaisi.fi\/wp-content\/uploads\/2024\/02\/Apila-ja-Terhikki-1462x1536.jpg 1462w, https:\/\/jotteimeitaunohdettaisi.fi\/wp-content\/uploads\/2024\/02\/Apila-ja-Terhikki-1949x2048.jpg 1949w, https:\/\/jotteimeitaunohdettaisi.fi\/wp-content\/uploads\/2024\/02\/Apila-ja-Terhikki-1140x1198.jpg 1140w, https:\/\/jotteimeitaunohdettaisi.fi\/wp-content\/uploads\/2024\/02\/Apila-ja-Terhikki.jpg 1966w\" sizes=\"auto, (max-width: 974px) 100vw, 974px\" \/><\/figure>\n<\/div>\n\n\n<p class=\"has-text-align-center\">Takana Apila ja edess\u00e4 Terhikki<\/p>\n\n\n<div class=\"wp-block-image\">\n<figure class=\"aligncenter size-full is-resized\"><img loading=\"lazy\" decoding=\"async\" width=\"1025\" height=\"810\" src=\"https:\/\/jotteimeitaunohdettaisi.fi\/wp-content\/uploads\/2024\/02\/Vakero-korjattu-kuva.jpg\" alt=\"\" class=\"wp-image-505\" style=\"width:538px;height:auto\" srcset=\"https:\/\/jotteimeitaunohdettaisi.fi\/wp-content\/uploads\/2024\/02\/Vakero-korjattu-kuva.jpg 1025w, https:\/\/jotteimeitaunohdettaisi.fi\/wp-content\/uploads\/2024\/02\/Vakero-korjattu-kuva-300x237.jpg 300w, https:\/\/jotteimeitaunohdettaisi.fi\/wp-content\/uploads\/2024\/02\/Vakero-korjattu-kuva-768x607.jpg 768w\" sizes=\"auto, (max-width: 1025px) 100vw, 1025px\" \/><\/figure>\n<\/div>\n\n\n<p class=\"has-text-align-center\">Poju oli yksi talon ensimm\u00e4isist\u00e4 hevosista.<\/p>\n\n\n<div class=\"wp-block-image\">\n<figure class=\"aligncenter size-large is-resized\"><img loading=\"lazy\" decoding=\"async\" width=\"1024\" height=\"898\" src=\"https:\/\/jotteimeitaunohdettaisi.fi\/wp-content\/uploads\/2024\/02\/Vakero-1024x898.jpg\" alt=\"\" class=\"wp-image-496\" style=\"width:538px;height:auto\" srcset=\"https:\/\/jotteimeitaunohdettaisi.fi\/wp-content\/uploads\/2024\/02\/Vakero-1024x898.jpg 1024w, https:\/\/jotteimeitaunohdettaisi.fi\/wp-content\/uploads\/2024\/02\/Vakero-300x263.jpg 300w, https:\/\/jotteimeitaunohdettaisi.fi\/wp-content\/uploads\/2024\/02\/Vakero-768x673.jpg 768w, https:\/\/jotteimeitaunohdettaisi.fi\/wp-content\/uploads\/2024\/02\/Vakero-1536x1347.jpg 1536w, https:\/\/jotteimeitaunohdettaisi.fi\/wp-content\/uploads\/2024\/02\/Vakero-1140x1000.jpg 1140w, https:\/\/jotteimeitaunohdettaisi.fi\/wp-content\/uploads\/2024\/02\/Vakero.jpg 1990w\" sizes=\"auto, (max-width: 1024px) 100vw, 1024px\" \/><\/figure>\n<\/div>\n\n\n<p class=\"has-text-align-center\">Vakero tuli taloon ty\u00f6hevoseksi Sallin kotitalolta Sotkamon Raiviosta.<\/p>\n\n\n<div class=\"wp-block-image\">\n<figure class=\"aligncenter size-large is-resized\"><img loading=\"lazy\" decoding=\"async\" width=\"983\" height=\"1024\" src=\"https:\/\/jotteimeitaunohdettaisi.fi\/wp-content\/uploads\/2024\/02\/Tessu-983x1024.jpg\" alt=\"\" class=\"wp-image-497\" style=\"width:535px;height:auto\" srcset=\"https:\/\/jotteimeitaunohdettaisi.fi\/wp-content\/uploads\/2024\/02\/Tessu-983x1024.jpg 983w, https:\/\/jotteimeitaunohdettaisi.fi\/wp-content\/uploads\/2024\/02\/Tessu-288x300.jpg 288w, https:\/\/jotteimeitaunohdettaisi.fi\/wp-content\/uploads\/2024\/02\/Tessu-768x800.jpg 768w, https:\/\/jotteimeitaunohdettaisi.fi\/wp-content\/uploads\/2024\/02\/Tessu-1474x1536.jpg 1474w, https:\/\/jotteimeitaunohdettaisi.fi\/wp-content\/uploads\/2024\/02\/Tessu-1140x1188.jpg 1140w, https:\/\/jotteimeitaunohdettaisi.fi\/wp-content\/uploads\/2024\/02\/Tessu.jpg 1964w\" sizes=\"auto, (max-width: 983px) 100vw, 983px\" \/><\/figure>\n<\/div>\n\n\n<p class=\"has-text-align-center\">Talossa oli kaksi koiraa joista ensimm\u00e4inen oli Tessu ja toisena tuli my\u00f6hemmin Ressu.<\/p>\n\n\n<div class=\"wp-block-image\">\n<figure class=\"aligncenter size-full is-resized\"><img loading=\"lazy\" decoding=\"async\" width=\"897\" height=\"938\" src=\"https:\/\/jotteimeitaunohdettaisi.fi\/wp-content\/uploads\/2024\/02\/Vikkela-korjattu-kuva.jpg\" alt=\"\" class=\"wp-image-507\" style=\"width:533px;height:auto\" srcset=\"https:\/\/jotteimeitaunohdettaisi.fi\/wp-content\/uploads\/2024\/02\/Vikkela-korjattu-kuva.jpg 897w, https:\/\/jotteimeitaunohdettaisi.fi\/wp-content\/uploads\/2024\/02\/Vikkela-korjattu-kuva-287x300.jpg 287w, https:\/\/jotteimeitaunohdettaisi.fi\/wp-content\/uploads\/2024\/02\/Vikkela-korjattu-kuva-768x803.jpg 768w\" sizes=\"auto, (max-width: 897px) 100vw, 897px\" \/><\/figure>\n<\/div>\n\n\n<p class=\"has-text-align-center\">T\u00e4m\u00e4 kissa oli Tuulikin lemmikki nimelt\u00e4\u00e4n Vikkel\u00e4.<\/p>\n\n\n\n<p><\/p>\n\n\n\n<p><\/p>\n\n\n\n<p><\/p>\n","protected":false},"excerpt":{"rendered":"<p>Sallin ja Aleksin tarina alkoi, kun he tapasivat toisensa Aleksin veljen V\u00e4in\u00f6n h\u00e4\u00e4valmisteluissa, joihin Salli oli ollut tulossa avustamaan yst\u00e4v\u00e4\u00e4ns\u00e4 Pirkkoa, joka oli tuolloin V\u00e4in\u00f6n morsian. Aleksi oli hakenut Sotkamosta linja-autolla tulleen Sallin linja-autoseisokilta, ja jo matkalla h\u00e4\u00e4paikalle, he ihastuivat toisiinsa. Siit\u00e4 alkoi heid\u00e4n tarinansa. Salli ja Aleksi saivat nelj\u00e4 lasta. Matti syntyi esikoisena vuonna 1956, Elsa vuonna 1958, Irja vuonna 1962 ja Tuulikki kuopuksena vuonna 1964. Heid\u00e4n maatilansa sijaitsi Kajaanin Lehtovaaralla Juppilan tilalla, jossa he viljeliv\u00e4t peltoja ja kasvattivat p\u00e4\u00e4asiassa nautakarjaa. JUPPILAN TILAN HISTORIA LYHYESTI Juppilan tila lohkottiin vuonna 1957 Kymi Oy:n omistamasta Kirjavala nimisest\u00e4 kantatilasta, jolla sijaitsi mets\u00e4nvartijan talo. Mets\u00e4nvartijan talo sijaitsi kuvassa olevan vaalean p\u00e4\u00e4rakennuksen takana. Kymi Oy:n omistamaa Kirjavala nimist\u00e4 kantatilaa Suomen valtio k\u00e4ytti hyv\u00e4kseen asuttaessa Karjalaista v\u00e4est\u00f6\u00e4 Suomeen toisen maailmansodan j\u00e4lkeen. Kantatilalle asettuivat ensin asumaan vuokralle vuoden 1946 aikana Aleksin vanhemmat Anni ja Mikko perheineen. My\u00f6hemmin heille tuli mahdollisuus ostaa siit\u00e4 omistukseensa m\u00e4\u00e4r\u00e4ala, johon tilaisuuteen Anni ja Mikko Juppi tarttuivat vanhimman poikansa Johanneksen ja h\u00e4nen vaimonsa Ullan kanssa. Niinp\u00e4 Kirjavalan kantatilasta saatiin lohkottua kes\u00e4kuussa vuonna 1957 uusi m\u00e4\u00e4r\u00e4ala, joka nimettiin Juppilan tilaksi. Annin ja Mikon menehdytty\u00e4 Juppilan tila jaettiin viel\u00e4 puoliksi heid\u00e4n rintamamiespoikiensa Aleksin ja Johanneksen kesken. Toinen tila joka oli nimelt\u00e4\u00e4n Juppila j\u00e4i Aleksin ja h\u00e4nen puolisonsa Sallin haltuun ja toinen tila nimelt\u00e4\u00e4n Kivel\u00e4 j\u00e4i Johanneksen ja Ullan haltuun. . MAATILAN EL\u00c4M\u00c4\u00c4 Aleksi hein\u00e4nteossa ja Salli pihan kasvillisuutta niitt\u00e4m\u00e4ss\u00e4 . KIRJAVALASSA OLI ERILAISIA EL\u00c4IMI\u00c4 JOISTA MUUTAMISTA ON J\u00c4\u00c4NYT TALTEEN VALOKUVIA Takana Apila ja edess\u00e4 Terhikki Poju oli yksi talon ensimm\u00e4isist\u00e4 hevosista. Vakero tuli taloon ty\u00f6hevoseksi Sallin kotitalolta Sotkamon Raiviosta. Talossa oli kaksi koiraa joista ensimm\u00e4inen oli Tessu ja toisena tuli my\u00f6hemmin Ressu. T\u00e4m\u00e4 kissa oli Tuulikin lemmikki nimelt\u00e4\u00e4n Vikkel\u00e4.<\/p>\n","protected":false},"author":1,"featured_media":0,"comment_status":"closed","ping_status":"open","sticky":false,"template":"","format":"standard","meta":{"_jetpack_memberships_contains_paid_content":false,"footnotes":""},"categories":[5],"tags":[],"class_list":["post-50","post","type-post","status-publish","format-standard","hentry","category-valokuvakirjat"],"jetpack_featured_media_url":"","jetpack_sharing_enabled":true,"_links":{"self":[{"href":"https:\/\/jotteimeitaunohdettaisi.fi\/index.php\/wp-json\/wp\/v2\/posts\/50","targetHints":{"allow":["GET"]}}],"collection":[{"href":"https:\/\/jotteimeitaunohdettaisi.fi\/index.php\/wp-json\/wp\/v2\/posts"}],"about":[{"href":"https:\/\/jotteimeitaunohdettaisi.fi\/index.php\/wp-json\/wp\/v2\/types\/post"}],"author":[{"embeddable":true,"href":"https:\/\/jotteimeitaunohdettaisi.fi\/index.php\/wp-json\/wp\/v2\/users\/1"}],"replies":[{"embeddable":true,"href":"https:\/\/jotteimeitaunohdettaisi.fi\/index.php\/wp-json\/wp\/v2\/comments?post=50"}],"version-history":[{"count":55,"href":"https:\/\/jotteimeitaunohdettaisi.fi\/index.php\/wp-json\/wp\/v2\/posts\/50\/revisions"}],"predecessor-version":[{"id":617,"href":"https:\/\/jotteimeitaunohdettaisi.fi\/index.php\/wp-json\/wp\/v2\/posts\/50\/revisions\/617"}],"wp:attachment":[{"href":"https:\/\/jotteimeitaunohdettaisi.fi\/index.php\/wp-json\/wp\/v2\/media?parent=50"}],"wp:term":[{"taxonomy":"category","embeddable":true,"href":"https:\/\/jotteimeitaunohdettaisi.fi\/index.php\/wp-json\/wp\/v2\/categories?post=50"},{"taxonomy":"post_tag","embeddable":true,"href":"https:\/\/jotteimeitaunohdettaisi.fi\/index.php\/wp-json\/wp\/v2\/tags?post=50"}],"curies":[{"name":"wp","href":"https:\/\/api.w.org\/{rel}","templated":true}]}}