{"id":248,"date":"2023-03-22T19:58:16","date_gmt":"2023-03-22T19:58:16","guid":{"rendered":"https:\/\/jotteimeitaunohdettaisi.fi\/?p=248"},"modified":"2026-01-01T15:23:28","modified_gmt":"2026-01-01T15:23:28","slug":"annin-tarina","status":"publish","type":"post","link":"https:\/\/jotteimeitaunohdettaisi.fi\/index.php\/2023\/03\/22\/annin-tarina\/","title":{"rendered":"Annin tarina"},"content":{"rendered":"<div class=\"wp-block-image\">\n<figure class=\"aligncenter size-large is-resized\"><img loading=\"lazy\" decoding=\"async\" width=\"724\" height=\"1024\" src=\"https:\/\/jotteimeitaunohdettaisi.fi\/wp-content\/uploads\/2023\/07\/anni_kansi407-724x1024.jpg\" alt=\"\" class=\"wp-image-408\" style=\"aspect-ratio:0.7064622124863089;width:309px;height:auto\" srcset=\"https:\/\/jotteimeitaunohdettaisi.fi\/wp-content\/uploads\/2023\/07\/anni_kansi407-724x1024.jpg 724w, https:\/\/jotteimeitaunohdettaisi.fi\/wp-content\/uploads\/2023\/07\/anni_kansi407-212x300.jpg 212w, https:\/\/jotteimeitaunohdettaisi.fi\/wp-content\/uploads\/2023\/07\/anni_kansi407-768x1086.jpg 768w, https:\/\/jotteimeitaunohdettaisi.fi\/wp-content\/uploads\/2023\/07\/anni_kansi407-1086x1536.jpg 1086w, https:\/\/jotteimeitaunohdettaisi.fi\/wp-content\/uploads\/2023\/07\/anni_kansi407-1448x2048.jpg 1448w, https:\/\/jotteimeitaunohdettaisi.fi\/wp-content\/uploads\/2023\/07\/anni_kansi407-1140x1613.jpg 1140w, https:\/\/jotteimeitaunohdettaisi.fi\/wp-content\/uploads\/2023\/07\/anni_kansi407-scaled.jpg 1810w\" sizes=\"auto, (max-width: 724px) 100vw, 724px\" \/><\/figure>\n<\/div>\n\n\n<p class=\"has-text-align-center\">Anni syntyi kirkonkirjojen mukaan helmikuussa 1913 Suoj\u00e4rvell\u00e4 Mikko ja Anni (Anna) Jupin esikoisena.<\/p>\n\n\n\n<p class=\"has-text-align-center\"><a href=\"https:\/\/www.geni.com\/people\/Anna-Martiskainen\/6000000018424986474\">GENI Anna Martiskainen os. Juppi<\/a>  <\/p>\n\n\n\n<p class=\"has-text-align-center\"><\/p>\n\n\n\n<p class=\"has-text-align-center\">Kuvia Annin nuoruudesta:<\/p>\n\n\n\n<div class=\"wp-block-group\"><div class=\"wp-block-group__inner-container is-layout-constrained wp-block-group-is-layout-constrained\"><div class=\"wp-block-image\">\n<figure class=\"aligncenter size-full is-resized\"><img loading=\"lazy\" decoding=\"async\" width=\"165\" height=\"228\" src=\"https:\/\/jotteimeitaunohdettaisi.fi\/wp-content\/uploads\/2023\/07\/1Anni-s.-1913-Vaaksauksessa-1925.jpg\" alt=\"\" class=\"wp-image-352\" style=\"aspect-ratio:0.7234432234432234;width:250px;height:auto\"\/><figcaption class=\"wp-element-caption\">Vuonna 1925 jolloin Anni olisi ollut noin 12-vuotias.<\/figcaption><\/figure>\n<\/div><\/div><\/div>\n\n\n\n<div class=\"wp-block-group\"><div class=\"wp-block-group__inner-container is-layout-constrained wp-block-group-is-layout-constrained\"><div class=\"wp-block-image\">\n<figure class=\"aligncenter size-full is-resized\"><img loading=\"lazy\" decoding=\"async\" width=\"348\" height=\"400\" src=\"https:\/\/jotteimeitaunohdettaisi.fi\/wp-content\/uploads\/2023\/07\/1c-Anni-s-Enhanced.jpg\" alt=\"\" class=\"wp-image-354\" style=\"aspect-ratio:0.8627450980392157;width:260px;height:auto\" srcset=\"https:\/\/jotteimeitaunohdettaisi.fi\/wp-content\/uploads\/2023\/07\/1c-Anni-s-Enhanced.jpg 348w, https:\/\/jotteimeitaunohdettaisi.fi\/wp-content\/uploads\/2023\/07\/1c-Anni-s-Enhanced-261x300.jpg 261w\" sizes=\"auto, (max-width: 348px) 100vw, 348px\" \/><figcaption class=\"wp-element-caption\">Kuva otettu mahdollisesti vuonna 1927-28 jolloin Anni olisi ollut noin 15-vuotias.<\/figcaption><\/figure>\n<\/div><\/div><\/div>\n\n\n\n<p><\/p>\n\n\n<div class=\"wp-block-image\">\n<figure class=\"aligncenter size-full is-resized\"><img loading=\"lazy\" decoding=\"async\" width=\"581\" height=\"869\" src=\"https:\/\/jotteimeitaunohdettaisi.fi\/wp-content\/uploads\/2023\/07\/2-Veera-ja-Anni-Puohtiin-savottakampilla_edited2-1.jpg\" alt=\"\" class=\"wp-image-393\" style=\"aspect-ratio:0.6685910652920962;width:293px;height:auto\" srcset=\"https:\/\/jotteimeitaunohdettaisi.fi\/wp-content\/uploads\/2023\/07\/2-Veera-ja-Anni-Puohtiin-savottakampilla_edited2-1.jpg 581w, https:\/\/jotteimeitaunohdettaisi.fi\/wp-content\/uploads\/2023\/07\/2-Veera-ja-Anni-Puohtiin-savottakampilla_edited2-1-201x300.jpg 201w\" sizes=\"auto, (max-width: 581px) 100vw, 581px\" \/><figcaption class=\"wp-element-caption\">Yl\u00e4kuvassa Anni oikealla siskonsa Veeran (valkoinen essu p\u00e4\u00e4ll\u00e4\u00e4n) kanssa savottaem\u00e4ntin\u00e4 tuntemattomien savottalaismiesten ymp\u00e4r\u00f6im\u00e4n\u00e4 mahdollisesti jossain pohjois-karjalan savottamailla.<\/figcaption><\/figure>\n<\/div>\n\n\n<p class=\"has-text-align-left\">Anni vihittiin 23-vuotiaana marraskuussa 1936 Topi (Stepan Feodorinpoika) Martiskaisen (s. hein\u00e4kuussa 1901 Korpiselk\u00e4, Liusvaara k. toukokuussa 1958 Ilomantsi) kanssa mahdollisesti Korpisel\u00e4ss\u00e4, jossa Topin suku asui tuohon aikaan. Anni ja Topi ehtiv\u00e4t olla naimisissa yhteens\u00e4 seitsem\u00e4ntoista vuotta josta ajasta osan Topin kotitilalla Korpisel\u00e4n Liusvaarassa. Sodan loputtua he muuttivat Martiskaisten perheen kanssa evakkoina Ilomantsin Huhuksen kyl\u00e4\u00e4n jonne he rakensivat kahdeksan hehtaarin tilalle talon joka nimettiin Topilaksi. Tila sijaitsi Topin veljen Feodorilan tilan vieress\u00e4. Annille ja Topille ei syntynyt lapsia, vaikka he niit\u00e4 niin kovasti toivoivat.<\/p>\n\n\n\n<p class=\"has-text-align-center\"><\/p>\n\n\n\n<p class=\"has-text-align-left\">Ulla os. Martiskaisen kertomaa muistelua Annista:<\/p>\n\n\n\n<p class=\"has-text-align-left\">&#8221;Anni tunnettiin yst\u00e4v\u00e4llisen\u00e4, lapsirakkaana, vieraanvaraisena ja ahkerana henkil\u00f6n\u00e4. H\u00e4n<br>neuloi paljon ja kutoi mattoja. H\u00e4nen k\u00e4siss\u00e4\u00e4n syntyiv\u00e4t l\u00e4mpim\u00e4t sukat, lapaset ja muut<br>villavaatteet. Anni toimi my\u00f6s taitavana paapona eli avusti synnytyksiss\u00e4. Ulla muisteli Topin<br>ja Annin ostaneen jouluisin paljon lahjoja heid\u00e4n perheens\u00e4 lapsille.<\/p>\n\n\n\n<p><\/p>\n\n\n\n<p class=\"has-text-align-center\">Topi menehtyi vatsakipuihin vuonna 1958 vain nelisen vuotta my\u00f6hemmin kuin Anni. <\/p>\n\n\n<div class=\"wp-block-image\">\n<figure class=\"aligncenter size-large is-resized\"><img loading=\"lazy\" decoding=\"async\" width=\"785\" height=\"1024\" src=\"https:\/\/jotteimeitaunohdettaisi.fi\/wp-content\/uploads\/2023\/07\/20230602_122021-785x1024.jpg\" alt=\"\" class=\"wp-image-454\" style=\"aspect-ratio:0.7666088853397737;width:334px;height:auto\" srcset=\"https:\/\/jotteimeitaunohdettaisi.fi\/wp-content\/uploads\/2023\/07\/20230602_122021-785x1024.jpg 785w, https:\/\/jotteimeitaunohdettaisi.fi\/wp-content\/uploads\/2023\/07\/20230602_122021-230x300.jpg 230w, https:\/\/jotteimeitaunohdettaisi.fi\/wp-content\/uploads\/2023\/07\/20230602_122021-768x1002.jpg 768w, https:\/\/jotteimeitaunohdettaisi.fi\/wp-content\/uploads\/2023\/07\/20230602_122021-1177x1536.jpg 1177w, https:\/\/jotteimeitaunohdettaisi.fi\/wp-content\/uploads\/2023\/07\/20230602_122021-1569x2048.jpg 1569w, https:\/\/jotteimeitaunohdettaisi.fi\/wp-content\/uploads\/2023\/07\/20230602_122021-1140x1488.jpg 1140w, https:\/\/jotteimeitaunohdettaisi.fi\/wp-content\/uploads\/2023\/07\/20230602_122021-scaled.jpg 1961w\" sizes=\"auto, (max-width: 785px) 100vw, 785px\" \/><\/figure>\n<\/div>\n\n\n<p class=\"has-text-align-center\">Anni ja Topi on haudattu Ilomantsin P\u00f6t\u00f6nkankaan ortodoksiselle hautausmaalle alla olevassa karttakuvassa olevaan punaisella ymp\u00e4r\u00f6ityyn sijaintiin. Hautausmaa sijaitsee osoitteessa Enontie 2, 82900 Ilomantsi. Hautapaikan rivi on B 48. Ortodoksinen hautausmaa on Ilomantsin luterilaisen hautausmaan pohjoispuolella.<\/p>\n\n\n<div class=\"wp-block-image\">\n<figure class=\"aligncenter size-large is-resized\"><img loading=\"lazy\" decoding=\"async\" width=\"595\" height=\"1024\" src=\"https:\/\/jotteimeitaunohdettaisi.fi\/wp-content\/uploads\/2023\/07\/Annin-ja-Topin-hautapaikka-Ilomantsin-ortodoksisella-hautausmaalla-1-595x1024.jpg\" alt=\"\" class=\"wp-image-366\" style=\"aspect-ratio:0.5810635538261998;width:178px;height:auto\" srcset=\"https:\/\/jotteimeitaunohdettaisi.fi\/wp-content\/uploads\/2023\/07\/Annin-ja-Topin-hautapaikka-Ilomantsin-ortodoksisella-hautausmaalla-1-595x1024.jpg 595w, https:\/\/jotteimeitaunohdettaisi.fi\/wp-content\/uploads\/2023\/07\/Annin-ja-Topin-hautapaikka-Ilomantsin-ortodoksisella-hautausmaalla-1-174x300.jpg 174w, https:\/\/jotteimeitaunohdettaisi.fi\/wp-content\/uploads\/2023\/07\/Annin-ja-Topin-hautapaikka-Ilomantsin-ortodoksisella-hautausmaalla-1-768x1323.jpg 768w, https:\/\/jotteimeitaunohdettaisi.fi\/wp-content\/uploads\/2023\/07\/Annin-ja-Topin-hautapaikka-Ilomantsin-ortodoksisella-hautausmaalla-1-892x1536.jpg 892w, https:\/\/jotteimeitaunohdettaisi.fi\/wp-content\/uploads\/2023\/07\/Annin-ja-Topin-hautapaikka-Ilomantsin-ortodoksisella-hautausmaalla-1.jpg 950w\" sizes=\"auto, (max-width: 595px) 100vw, 595px\" \/><\/figure>\n<\/div>","protected":false},"excerpt":{"rendered":"<p>Anni syntyi kirkonkirjojen mukaan helmikuussa 1913 Suoj\u00e4rvell\u00e4 Mikko ja Anni (Anna) Jupin esikoisena. GENI Anna Martiskainen os. Juppi Kuvia Annin nuoruudesta: Anni vihittiin 23-vuotiaana marraskuussa 1936 Topi (Stepan Feodorinpoika) Martiskaisen (s. hein\u00e4kuussa 1901 Korpiselk\u00e4, Liusvaara k. toukokuussa 1958 Ilomantsi) kanssa mahdollisesti Korpisel\u00e4ss\u00e4, jossa Topin suku asui tuohon aikaan. Anni ja Topi ehtiv\u00e4t olla naimisissa yhteens\u00e4 seitsem\u00e4ntoista vuotta josta ajasta osan Topin kotitilalla Korpisel\u00e4n Liusvaarassa. Sodan loputtua he muuttivat Martiskaisten perheen kanssa evakkoina Ilomantsin Huhuksen kyl\u00e4\u00e4n jonne he rakensivat kahdeksan hehtaarin tilalle talon joka nimettiin Topilaksi. Tila sijaitsi Topin veljen Feodorilan tilan vieress\u00e4. Annille ja Topille ei syntynyt lapsia, vaikka he niit\u00e4 niin kovasti toivoivat. Ulla os. Martiskaisen kertomaa muistelua Annista: &#8221;Anni tunnettiin yst\u00e4v\u00e4llisen\u00e4, lapsirakkaana, vieraanvaraisena ja ahkerana henkil\u00f6n\u00e4. H\u00e4nneuloi paljon ja kutoi mattoja. H\u00e4nen k\u00e4siss\u00e4\u00e4n syntyiv\u00e4t l\u00e4mpim\u00e4t sukat, lapaset ja muutvillavaatteet. Anni toimi my\u00f6s taitavana paapona eli avusti synnytyksiss\u00e4. Ulla muisteli Topinja Annin ostaneen jouluisin paljon lahjoja heid\u00e4n perheens\u00e4 lapsille. Topi menehtyi vatsakipuihin vuonna 1958 vain nelisen vuotta my\u00f6hemmin kuin Anni. Anni ja Topi on haudattu Ilomantsin P\u00f6t\u00f6nkankaan ortodoksiselle hautausmaalle alla olevassa karttakuvassa olevaan punaisella ymp\u00e4r\u00f6ityyn sijaintiin. Hautausmaa sijaitsee osoitteessa Enontie 2, 82900 Ilomantsi. Hautapaikan rivi on B 48. Ortodoksinen hautausmaa on Ilomantsin luterilaisen hautausmaan pohjoispuolella.<\/p>\n","protected":false},"author":1,"featured_media":0,"comment_status":"closed","ping_status":"open","sticky":false,"template":"","format":"standard","meta":{"_jetpack_memberships_contains_paid_content":false,"footnotes":""},"categories":[5],"tags":[],"class_list":["post-248","post","type-post","status-publish","format-standard","hentry","category-valokuvakirjat"],"jetpack_featured_media_url":"","jetpack_sharing_enabled":true,"_links":{"self":[{"href":"https:\/\/jotteimeitaunohdettaisi.fi\/index.php\/wp-json\/wp\/v2\/posts\/248","targetHints":{"allow":["GET"]}}],"collection":[{"href":"https:\/\/jotteimeitaunohdettaisi.fi\/index.php\/wp-json\/wp\/v2\/posts"}],"about":[{"href":"https:\/\/jotteimeitaunohdettaisi.fi\/index.php\/wp-json\/wp\/v2\/types\/post"}],"author":[{"embeddable":true,"href":"https:\/\/jotteimeitaunohdettaisi.fi\/index.php\/wp-json\/wp\/v2\/users\/1"}],"replies":[{"embeddable":true,"href":"https:\/\/jotteimeitaunohdettaisi.fi\/index.php\/wp-json\/wp\/v2\/comments?post=248"}],"version-history":[{"count":70,"href":"https:\/\/jotteimeitaunohdettaisi.fi\/index.php\/wp-json\/wp\/v2\/posts\/248\/revisions"}],"predecessor-version":[{"id":574,"href":"https:\/\/jotteimeitaunohdettaisi.fi\/index.php\/wp-json\/wp\/v2\/posts\/248\/revisions\/574"}],"wp:attachment":[{"href":"https:\/\/jotteimeitaunohdettaisi.fi\/index.php\/wp-json\/wp\/v2\/media?parent=248"}],"wp:term":[{"taxonomy":"category","embeddable":true,"href":"https:\/\/jotteimeitaunohdettaisi.fi\/index.php\/wp-json\/wp\/v2\/categories?post=248"},{"taxonomy":"post_tag","embeddable":true,"href":"https:\/\/jotteimeitaunohdettaisi.fi\/index.php\/wp-json\/wp\/v2\/tags?post=248"}],"curies":[{"name":"wp","href":"https:\/\/api.w.org\/{rel}","templated":true}]}}