{"id":245,"date":"2023-03-22T19:56:51","date_gmt":"2023-03-22T19:56:51","guid":{"rendered":"https:\/\/jotteimeitaunohdettaisi.fi\/?p=245"},"modified":"2026-01-01T15:24:06","modified_gmt":"2026-01-01T15:24:06","slug":"katrin-tarina","status":"publish","type":"post","link":"https:\/\/jotteimeitaunohdettaisi.fi\/index.php\/2023\/03\/22\/katrin-tarina\/","title":{"rendered":"Katrin tarina"},"content":{"rendered":"<div class=\"wp-block-image is-resized\">\n<figure class=\"aligncenter size-large\"><img loading=\"lazy\" decoding=\"async\" width=\"724\" height=\"1024\" src=\"https:\/\/jotteimeitaunohdettaisi.fi\/wp-content\/uploads\/2023\/03\/Kkatri_kansi2203-724x1024.jpg\" alt=\"\" class=\"wp-image-246\" style=\"aspect-ratio:0.7070252100840336;width:269px;height:auto\" srcset=\"https:\/\/jotteimeitaunohdettaisi.fi\/wp-content\/uploads\/2023\/03\/Kkatri_kansi2203-724x1024.jpg 724w, https:\/\/jotteimeitaunohdettaisi.fi\/wp-content\/uploads\/2023\/03\/Kkatri_kansi2203-212x300.jpg 212w, https:\/\/jotteimeitaunohdettaisi.fi\/wp-content\/uploads\/2023\/03\/Kkatri_kansi2203-768x1086.jpg 768w, https:\/\/jotteimeitaunohdettaisi.fi\/wp-content\/uploads\/2023\/03\/Kkatri_kansi2203-1086x1536.jpg 1086w, https:\/\/jotteimeitaunohdettaisi.fi\/wp-content\/uploads\/2023\/03\/Kkatri_kansi2203-1448x2048.jpg 1448w, https:\/\/jotteimeitaunohdettaisi.fi\/wp-content\/uploads\/2023\/03\/Kkatri_kansi2203-1140x1613.jpg 1140w, https:\/\/jotteimeitaunohdettaisi.fi\/wp-content\/uploads\/2023\/03\/Kkatri_kansi2203-scaled.jpg 1810w\" sizes=\"auto, (max-width: 724px) 100vw, 724px\" \/><\/figure>\n<\/div>\n\n\n<p>Katri (Katariina, Jekaterina) Juppi syntyi kirkonkirjojen mukaan&nbsp;syyskuussa 1915 Suoj\u00e4rven pit\u00e4j\u00e4ss\u00e4 sijaitsevassa Vaaksauksen kyl\u00e4ss\u00e4 Mikko ja Anni Jupin perheen kolmantena lapsena.<\/p>\n\n\n\n<p class=\"has-text-align-center\"><a href=\"https:\/\/www.geni.com\/people\/Katri-Jekaterina-K%C3%A4rp%C3%A4nen\/6000000018848434343\">GENI Katri K\u00e4rp\u00e4nen os. Juppi<\/a> &nbsp;&nbsp;&nbsp;<\/p>\n\n\n<div class=\"wp-block-image is-resized\">\n<figure class=\"aligncenter size-full\"><img loading=\"lazy\" decoding=\"async\" width=\"146\" height=\"168\" src=\"https:\/\/jotteimeitaunohdettaisi.fi\/wp-content\/uploads\/2023\/05\/3-a-Katri-s.-1915-Vaaksauksessa-1925.jpg\" alt=\"\" class=\"wp-image-310\"\/><figcaption class=\"wp-element-caption\">Katri kuvattuna noin 10-vuotiaana Vaaksauksessa vuonna 1925.<\/figcaption><\/figure>\n<\/div>\n\n<div class=\"wp-block-image is-resized\">\n<figure class=\"aligncenter size-full\"><img loading=\"lazy\" decoding=\"async\" width=\"190\" height=\"265\" src=\"https:\/\/jotteimeitaunohdettaisi.fi\/wp-content\/uploads\/2023\/05\/3-b-Katri-s.-1915-Vaaksauksessa.jpg\" alt=\"\" class=\"wp-image-314\"\/><figcaption class=\"wp-element-caption\">Katri noin 12-vuotiaana vuonna 1927. <\/figcaption><\/figure>\n<\/div>\n\n<div class=\"wp-block-image\">\n<figure class=\"aligncenter size-large\"><img loading=\"lazy\" decoding=\"async\" width=\"670\" height=\"1024\" src=\"https:\/\/jotteimeitaunohdettaisi.fi\/wp-content\/uploads\/2023\/07\/Katri-Vaaksauksessa_edited-670x1024.jpg\" alt=\"\" class=\"wp-image-472\" srcset=\"https:\/\/jotteimeitaunohdettaisi.fi\/wp-content\/uploads\/2023\/07\/Katri-Vaaksauksessa_edited-670x1024.jpg 670w, https:\/\/jotteimeitaunohdettaisi.fi\/wp-content\/uploads\/2023\/07\/Katri-Vaaksauksessa_edited-196x300.jpg 196w, https:\/\/jotteimeitaunohdettaisi.fi\/wp-content\/uploads\/2023\/07\/Katri-Vaaksauksessa_edited-768x1174.jpg 768w, https:\/\/jotteimeitaunohdettaisi.fi\/wp-content\/uploads\/2023\/07\/Katri-Vaaksauksessa_edited-1005x1536.jpg 1005w, https:\/\/jotteimeitaunohdettaisi.fi\/wp-content\/uploads\/2023\/07\/Katri-Vaaksauksessa_edited-1339x2048.jpg 1339w, https:\/\/jotteimeitaunohdettaisi.fi\/wp-content\/uploads\/2023\/07\/Katri-Vaaksauksessa_edited-1140x1743.jpg 1140w, https:\/\/jotteimeitaunohdettaisi.fi\/wp-content\/uploads\/2023\/07\/Katri-Vaaksauksessa_edited.jpg 1669w\" sizes=\"auto, (max-width: 670px) 100vw, 670px\" \/><figcaption class=\"wp-element-caption\">Katri kuvassa vasemmalla, muut tuntemattomia henkil\u00f6it\u00e4.<\/figcaption><\/figure>\n<\/div>\n\n\n<p>Katrin aikuisel\u00e4m\u00e4\u00e4 v\u00e4ritti sota-aika ja h\u00e4nest\u00e4 on j\u00e4\u00e4nyt j\u00e4ljelle hyvin v\u00e4h\u00e4n kuvia. H\u00e4n tapasi tulevan miehens\u00e4 jo ennen sota-aikaa Korpisel\u00e4ss\u00e4, mutta sulhasen jouduttua puolustamaan maataan avioliittoaikeet toteutuivat vasta sodan p\u00e4\u00e4tytty\u00e4.<\/p>\n\n\n\n<figure class=\"wp-block-image size-large\"><img loading=\"lazy\" decoding=\"async\" width=\"1024\" height=\"672\" src=\"https:\/\/jotteimeitaunohdettaisi.fi\/wp-content\/uploads\/2023\/05\/A-Katri-ja-Sanni-mahdollisesti-Hyrynsalmella-MH-Enhanced-1024x672.jpg\" alt=\"\" class=\"wp-image-315\" srcset=\"https:\/\/jotteimeitaunohdettaisi.fi\/wp-content\/uploads\/2023\/05\/A-Katri-ja-Sanni-mahdollisesti-Hyrynsalmella-MH-Enhanced-1024x672.jpg 1024w, https:\/\/jotteimeitaunohdettaisi.fi\/wp-content\/uploads\/2023\/05\/A-Katri-ja-Sanni-mahdollisesti-Hyrynsalmella-MH-Enhanced-300x197.jpg 300w, https:\/\/jotteimeitaunohdettaisi.fi\/wp-content\/uploads\/2023\/05\/A-Katri-ja-Sanni-mahdollisesti-Hyrynsalmella-MH-Enhanced-768x504.jpg 768w, https:\/\/jotteimeitaunohdettaisi.fi\/wp-content\/uploads\/2023\/05\/A-Katri-ja-Sanni-mahdollisesti-Hyrynsalmella-MH-Enhanced-1536x1008.jpg 1536w, https:\/\/jotteimeitaunohdettaisi.fi\/wp-content\/uploads\/2023\/05\/A-Katri-ja-Sanni-mahdollisesti-Hyrynsalmella-MH-Enhanced-2048x1344.jpg 2048w, https:\/\/jotteimeitaunohdettaisi.fi\/wp-content\/uploads\/2023\/05\/A-Katri-ja-Sanni-mahdollisesti-Hyrynsalmella-MH-Enhanced-1140x748.jpg 1140w\" sizes=\"auto, (max-width: 1024px) 100vw, 1024px\" \/><\/figure>\n\n\n\n<p>Katri kuvassa laitimmaisena vasemmalla evakossa Hyrynsalmen Tuohelassa vuonna 1941. Katrin sisko Sanni on kuvassa ylh\u00e4\u00e4ll\u00e4 toinen oikealta. Muut henkil\u00f6t kuvassa ovat tuntemattomia.<\/p>\n\n\n\n<figure class=\"wp-block-image size-large\"><img loading=\"lazy\" decoding=\"async\" width=\"1024\" height=\"674\" src=\"https:\/\/jotteimeitaunohdettaisi.fi\/wp-content\/uploads\/2023\/07\/A-Vuonna-1941-sunnuntaina-Tuokulene-kuvan-taustassa-lukee_edited-1024x674.jpg\" alt=\"\" class=\"wp-image-477\" srcset=\"https:\/\/jotteimeitaunohdettaisi.fi\/wp-content\/uploads\/2023\/07\/A-Vuonna-1941-sunnuntaina-Tuokulene-kuvan-taustassa-lukee_edited-1024x674.jpg 1024w, https:\/\/jotteimeitaunohdettaisi.fi\/wp-content\/uploads\/2023\/07\/A-Vuonna-1941-sunnuntaina-Tuokulene-kuvan-taustassa-lukee_edited-300x197.jpg 300w, https:\/\/jotteimeitaunohdettaisi.fi\/wp-content\/uploads\/2023\/07\/A-Vuonna-1941-sunnuntaina-Tuokulene-kuvan-taustassa-lukee_edited-768x506.jpg 768w, https:\/\/jotteimeitaunohdettaisi.fi\/wp-content\/uploads\/2023\/07\/A-Vuonna-1941-sunnuntaina-Tuokulene-kuvan-taustassa-lukee_edited-1140x750.jpg 1140w, https:\/\/jotteimeitaunohdettaisi.fi\/wp-content\/uploads\/2023\/07\/A-Vuonna-1941-sunnuntaina-Tuokulene-kuvan-taustassa-lukee_edited-500x330.jpg 500w, https:\/\/jotteimeitaunohdettaisi.fi\/wp-content\/uploads\/2023\/07\/A-Vuonna-1941-sunnuntaina-Tuokulene-kuvan-taustassa-lukee_edited.jpg 1428w\" sizes=\"auto, (max-width: 1024px) 100vw, 1024px\" \/><figcaption class=\"wp-element-caption\">Kuvassa ovat vasemmalta Sylvi Kemppainen, Sanni Juppi, Siiri Heikura ja Katri Juppi. Teksti kuvan takaa: Paljakalla sota-aikana, Hyrynsalmi.<\/figcaption><\/figure>\n\n\n\n<p>Katri on vihitty juuri toisen maailmansodan p\u00e4\u00e4tytty\u00e4 Kuopiossa toukokuussa 1945 Mikko (Nikolai) Vasilinpoika K\u00e4rp\u00e4sen (s. marraskuussa 1909 \u00c4gl\u00e4j\u00e4rvi, Korpiselk\u00e4 k. joulukuussa 1979 Iisalmi) kanssa. <\/p>\n\n\n\n<figure class=\"wp-block-image size-large\"><img loading=\"lazy\" decoding=\"async\" width=\"1024\" height=\"683\" src=\"https:\/\/jotteimeitaunohdettaisi.fi\/wp-content\/uploads\/2023\/07\/Katri-ja-Mikko-Karpanen_edited-Enhanced_edited2-1024x683.jpg\" alt=\"\" class=\"wp-image-468\" srcset=\"https:\/\/jotteimeitaunohdettaisi.fi\/wp-content\/uploads\/2023\/07\/Katri-ja-Mikko-Karpanen_edited-Enhanced_edited2-1024x683.jpg 1024w, https:\/\/jotteimeitaunohdettaisi.fi\/wp-content\/uploads\/2023\/07\/Katri-ja-Mikko-Karpanen_edited-Enhanced_edited2-300x200.jpg 300w, https:\/\/jotteimeitaunohdettaisi.fi\/wp-content\/uploads\/2023\/07\/Katri-ja-Mikko-Karpanen_edited-Enhanced_edited2-768x512.jpg 768w, https:\/\/jotteimeitaunohdettaisi.fi\/wp-content\/uploads\/2023\/07\/Katri-ja-Mikko-Karpanen_edited-Enhanced_edited2-1536x1024.jpg 1536w, https:\/\/jotteimeitaunohdettaisi.fi\/wp-content\/uploads\/2023\/07\/Katri-ja-Mikko-Karpanen_edited-Enhanced_edited2-2048x1366.jpg 2048w, https:\/\/jotteimeitaunohdettaisi.fi\/wp-content\/uploads\/2023\/07\/Katri-ja-Mikko-Karpanen_edited-Enhanced_edited2-1140x760.jpg 1140w\" sizes=\"auto, (max-width: 1024px) 100vw, 1024px\" \/><\/figure>\n\n\n\n<p>Katri ja Mikko ehtiv\u00e4t olla naimisissa vain muutaman kuukauden, sill\u00e4 Katri menehtyi hieman ennen 30-vuotissyntym\u00e4p\u00e4iv\u00e4\u00e4ns\u00e4 Kuopion l\u00e4\u00e4ninsairaalassa elokuussa 1945. Tuolloin Katri ja Mikko odottivat ensimm\u00e4ist\u00e4 lastaan, mutta lapsi eik\u00e4 Katri selviytynyt raskaudesta Katrin sairastaman tuberkuloosin (lent\u00e4v\u00e4 keuhkotauti) vuoksi. Katri on haudattu Kuopion keskustan isolle hautausmaalle osastolle 100 ja sen sijainti on todenn\u00e4k\u00f6isesti sen lounaisosassa. Hautapaikan hoitamattomuuden vuoksi luterilainen seurakunta on Kuopiossa ilmestyneess\u00e4 lehdess\u00e4 vuonna 1965 tehnyt ilmoituksen hoitamattomasta hautapaikasta ja koska yhteydenottoja ei ole tullut m\u00e4\u00e4r\u00e4aikaan menness\u00e4, hautapaikka on luovutettu uudelleen k\u00e4ytt\u00f6\u00f6n. Tarkempi hautapaikka ei ole siten tiedossa, mutta selvityksen alla.<\/p>\n","protected":false},"excerpt":{"rendered":"<p>Katri (Katariina, Jekaterina) Juppi syntyi kirkonkirjojen mukaan&nbsp;syyskuussa 1915 Suoj\u00e4rven pit\u00e4j\u00e4ss\u00e4 sijaitsevassa Vaaksauksen kyl\u00e4ss\u00e4 Mikko ja Anni Jupin perheen kolmantena lapsena. GENI Katri K\u00e4rp\u00e4nen os. Juppi &nbsp;&nbsp;&nbsp; Katrin aikuisel\u00e4m\u00e4\u00e4 v\u00e4ritti sota-aika ja h\u00e4nest\u00e4 on j\u00e4\u00e4nyt j\u00e4ljelle hyvin v\u00e4h\u00e4n kuvia. H\u00e4n tapasi tulevan miehens\u00e4 jo ennen sota-aikaa Korpisel\u00e4ss\u00e4, mutta sulhasen jouduttua puolustamaan maataan avioliittoaikeet toteutuivat vasta sodan p\u00e4\u00e4tytty\u00e4. Katri kuvassa laitimmaisena vasemmalla evakossa Hyrynsalmen Tuohelassa vuonna 1941. Katrin sisko Sanni on kuvassa ylh\u00e4\u00e4ll\u00e4 toinen oikealta. Muut henkil\u00f6t kuvassa ovat tuntemattomia. Katri on vihitty juuri toisen maailmansodan p\u00e4\u00e4tytty\u00e4 Kuopiossa toukokuussa 1945 Mikko (Nikolai) Vasilinpoika K\u00e4rp\u00e4sen (s. marraskuussa 1909 \u00c4gl\u00e4j\u00e4rvi, Korpiselk\u00e4 k. joulukuussa 1979 Iisalmi) kanssa. Katri ja Mikko ehtiv\u00e4t olla naimisissa vain muutaman kuukauden, sill\u00e4 Katri menehtyi hieman ennen 30-vuotissyntym\u00e4p\u00e4iv\u00e4\u00e4ns\u00e4 Kuopion l\u00e4\u00e4ninsairaalassa elokuussa 1945. Tuolloin Katri ja Mikko odottivat ensimm\u00e4ist\u00e4 lastaan, mutta lapsi eik\u00e4 Katri selviytynyt raskaudesta Katrin sairastaman tuberkuloosin (lent\u00e4v\u00e4 keuhkotauti) vuoksi. Katri on haudattu Kuopion keskustan isolle hautausmaalle osastolle 100 ja sen sijainti on todenn\u00e4k\u00f6isesti sen lounaisosassa. Hautapaikan hoitamattomuuden vuoksi luterilainen seurakunta on Kuopiossa ilmestyneess\u00e4 lehdess\u00e4 vuonna 1965 tehnyt ilmoituksen hoitamattomasta hautapaikasta ja koska yhteydenottoja ei ole tullut m\u00e4\u00e4r\u00e4aikaan menness\u00e4, hautapaikka on luovutettu uudelleen k\u00e4ytt\u00f6\u00f6n. Tarkempi hautapaikka ei ole siten tiedossa, mutta selvityksen alla.<\/p>\n","protected":false},"author":1,"featured_media":0,"comment_status":"closed","ping_status":"open","sticky":false,"template":"","format":"standard","meta":{"_jetpack_memberships_contains_paid_content":false,"footnotes":""},"categories":[5],"tags":[],"class_list":["post-245","post","type-post","status-publish","format-standard","hentry","category-valokuvakirjat"],"jetpack_featured_media_url":"","jetpack_sharing_enabled":true,"_links":{"self":[{"href":"https:\/\/jotteimeitaunohdettaisi.fi\/index.php\/wp-json\/wp\/v2\/posts\/245","targetHints":{"allow":["GET"]}}],"collection":[{"href":"https:\/\/jotteimeitaunohdettaisi.fi\/index.php\/wp-json\/wp\/v2\/posts"}],"about":[{"href":"https:\/\/jotteimeitaunohdettaisi.fi\/index.php\/wp-json\/wp\/v2\/types\/post"}],"author":[{"embeddable":true,"href":"https:\/\/jotteimeitaunohdettaisi.fi\/index.php\/wp-json\/wp\/v2\/users\/1"}],"replies":[{"embeddable":true,"href":"https:\/\/jotteimeitaunohdettaisi.fi\/index.php\/wp-json\/wp\/v2\/comments?post=245"}],"version-history":[{"count":19,"href":"https:\/\/jotteimeitaunohdettaisi.fi\/index.php\/wp-json\/wp\/v2\/posts\/245\/revisions"}],"predecessor-version":[{"id":607,"href":"https:\/\/jotteimeitaunohdettaisi.fi\/index.php\/wp-json\/wp\/v2\/posts\/245\/revisions\/607"}],"wp:attachment":[{"href":"https:\/\/jotteimeitaunohdettaisi.fi\/index.php\/wp-json\/wp\/v2\/media?parent=245"}],"wp:term":[{"taxonomy":"category","embeddable":true,"href":"https:\/\/jotteimeitaunohdettaisi.fi\/index.php\/wp-json\/wp\/v2\/categories?post=245"},{"taxonomy":"post_tag","embeddable":true,"href":"https:\/\/jotteimeitaunohdettaisi.fi\/index.php\/wp-json\/wp\/v2\/tags?post=245"}],"curies":[{"name":"wp","href":"https:\/\/api.w.org\/{rel}","templated":true}]}}