{"id":242,"date":"2023-03-22T19:54:58","date_gmt":"2023-03-22T19:54:58","guid":{"rendered":"https:\/\/jotteimeitaunohdettaisi.fi\/?p=242"},"modified":"2026-01-01T15:36:21","modified_gmt":"2026-01-01T15:36:21","slug":"kolan-tarina","status":"publish","type":"post","link":"https:\/\/jotteimeitaunohdettaisi.fi\/index.php\/2023\/03\/22\/kolan-tarina\/","title":{"rendered":"Kolan tarina"},"content":{"rendered":"<div class=\"wp-block-image\">\n<figure class=\"aligncenter size-large is-resized\"><img loading=\"lazy\" decoding=\"async\" width=\"724\" height=\"1024\" src=\"https:\/\/jotteimeitaunohdettaisi.fi\/wp-content\/uploads\/2023\/03\/Kola_kansi2203-724x1024.jpg\" alt=\"\" class=\"wp-image-243\" style=\"aspect-ratio:0.7065462753950339;width:507px;height:auto\" srcset=\"https:\/\/jotteimeitaunohdettaisi.fi\/wp-content\/uploads\/2023\/03\/Kola_kansi2203-724x1024.jpg 724w, https:\/\/jotteimeitaunohdettaisi.fi\/wp-content\/uploads\/2023\/03\/Kola_kansi2203-212x300.jpg 212w, https:\/\/jotteimeitaunohdettaisi.fi\/wp-content\/uploads\/2023\/03\/Kola_kansi2203-768x1086.jpg 768w, https:\/\/jotteimeitaunohdettaisi.fi\/wp-content\/uploads\/2023\/03\/Kola_kansi2203-1086x1536.jpg 1086w, https:\/\/jotteimeitaunohdettaisi.fi\/wp-content\/uploads\/2023\/03\/Kola_kansi2203-1448x2048.jpg 1448w, https:\/\/jotteimeitaunohdettaisi.fi\/wp-content\/uploads\/2023\/03\/Kola_kansi2203-1140x1613.jpg 1140w, https:\/\/jotteimeitaunohdettaisi.fi\/wp-content\/uploads\/2023\/03\/Kola_kansi2203-scaled.jpg 1810w\" sizes=\"auto, (max-width: 724px) 100vw, 724px\" \/><figcaption class=\"wp-element-caption\">Kola kuvassa noin 4-vuotiaana vuonna 1927.<\/figcaption><\/figure>\n<\/div>\n\n\n<p>Kola (Nikolai) syntyi helmikuussa vuonna 1923 Suoj\u00e4rven Vegaruksen pit\u00e4j\u00e4ss\u00e4 Anni ja Mikko Jupin perheen seitsem\u00e4nten\u00e4 lapsena. Kolan ( kutsuttiin my\u00f6s nimell\u00e4 Kolja) el\u00e4m\u00e4 j\u00e4i lyhyeksi sill\u00e4 h\u00e4n menehtyi keuhkokuumeeseen 7-vuotiaana maaliskuussa 1930 Vaaksauksessa. H\u00e4net on haudattu l\u00e4heiseen Kalmansaareen. <a href=\"https:\/\/www.geni.com\/people\/Nikolai-Kola-Juppi\/6000000018848437468\">GENI Nikolai (Kola Juppi)<\/a><\/p>\n\n\n<div class=\"wp-block-image\">\n<figure class=\"aligncenter size-full\"><img loading=\"lazy\" decoding=\"async\" width=\"612\" height=\"417\" src=\"https:\/\/jotteimeitaunohdettaisi.fi\/wp-content\/uploads\/2023\/05\/Jupin-perhe-Vaaksauksessa-kuvattuna-vuonna-1925-Nikolai-2v.jpg\" alt=\"\" class=\"wp-image-304\" srcset=\"https:\/\/jotteimeitaunohdettaisi.fi\/wp-content\/uploads\/2023\/05\/Jupin-perhe-Vaaksauksessa-kuvattuna-vuonna-1925-Nikolai-2v.jpg 612w, https:\/\/jotteimeitaunohdettaisi.fi\/wp-content\/uploads\/2023\/05\/Jupin-perhe-Vaaksauksessa-kuvattuna-vuonna-1925-Nikolai-2v-300x204.jpg 300w\" sizes=\"auto, (max-width: 612px) 100vw, 612px\" \/><\/figure>\n<\/div>\n\n\n<p>Kuvassa vasemmalla Kolan \u00e4iti Anni, jonka syliss\u00e4 seisoo Kola, joka ei ole malttanut olla paikallaan kuvaushetkell\u00e4. Kolan edess\u00e4 on h\u00e4nen veljens\u00e4 Lauri ja kuvassa oikealla on heid\u00e4n is\u00e4ns\u00e4 Mikko.<\/p>\n","protected":false},"excerpt":{"rendered":"<p>Kola (Nikolai) syntyi helmikuussa vuonna 1923 Suoj\u00e4rven Vegaruksen pit\u00e4j\u00e4ss\u00e4 Anni ja Mikko Jupin perheen seitsem\u00e4nten\u00e4 lapsena. Kolan ( kutsuttiin my\u00f6s nimell\u00e4 Kolja) el\u00e4m\u00e4 j\u00e4i lyhyeksi sill\u00e4 h\u00e4n menehtyi keuhkokuumeeseen 7-vuotiaana maaliskuussa 1930 Vaaksauksessa. H\u00e4net on haudattu l\u00e4heiseen Kalmansaareen. GENI Nikolai (Kola Juppi) Kuvassa vasemmalla Kolan \u00e4iti Anni, jonka syliss\u00e4 seisoo Kola, joka ei ole malttanut olla paikallaan kuvaushetkell\u00e4. Kolan edess\u00e4 on h\u00e4nen veljens\u00e4 Lauri ja kuvassa oikealla on heid\u00e4n is\u00e4ns\u00e4 Mikko.<\/p>\n","protected":false},"author":1,"featured_media":0,"comment_status":"closed","ping_status":"open","sticky":false,"template":"","format":"standard","meta":{"_jetpack_memberships_contains_paid_content":false,"footnotes":""},"categories":[5],"tags":[],"class_list":["post-242","post","type-post","status-publish","format-standard","hentry","category-valokuvakirjat"],"jetpack_featured_media_url":"","jetpack_sharing_enabled":true,"_links":{"self":[{"href":"https:\/\/jotteimeitaunohdettaisi.fi\/index.php\/wp-json\/wp\/v2\/posts\/242","targetHints":{"allow":["GET"]}}],"collection":[{"href":"https:\/\/jotteimeitaunohdettaisi.fi\/index.php\/wp-json\/wp\/v2\/posts"}],"about":[{"href":"https:\/\/jotteimeitaunohdettaisi.fi\/index.php\/wp-json\/wp\/v2\/types\/post"}],"author":[{"embeddable":true,"href":"https:\/\/jotteimeitaunohdettaisi.fi\/index.php\/wp-json\/wp\/v2\/users\/1"}],"replies":[{"embeddable":true,"href":"https:\/\/jotteimeitaunohdettaisi.fi\/index.php\/wp-json\/wp\/v2\/comments?post=242"}],"version-history":[{"count":9,"href":"https:\/\/jotteimeitaunohdettaisi.fi\/index.php\/wp-json\/wp\/v2\/posts\/242\/revisions"}],"predecessor-version":[{"id":606,"href":"https:\/\/jotteimeitaunohdettaisi.fi\/index.php\/wp-json\/wp\/v2\/posts\/242\/revisions\/606"}],"wp:attachment":[{"href":"https:\/\/jotteimeitaunohdettaisi.fi\/index.php\/wp-json\/wp\/v2\/media?parent=242"}],"wp:term":[{"taxonomy":"category","embeddable":true,"href":"https:\/\/jotteimeitaunohdettaisi.fi\/index.php\/wp-json\/wp\/v2\/categories?post=242"},{"taxonomy":"post_tag","embeddable":true,"href":"https:\/\/jotteimeitaunohdettaisi.fi\/index.php\/wp-json\/wp\/v2\/tags?post=242"}],"curies":[{"name":"wp","href":"https:\/\/api.w.org\/{rel}","templated":true}]}}