{"id":238,"date":"2023-03-22T19:52:39","date_gmt":"2023-03-22T19:52:39","guid":{"rendered":"https:\/\/jotteimeitaunohdettaisi.fi\/?p=238"},"modified":"2026-01-01T15:32:59","modified_gmt":"2026-01-01T15:32:59","slug":"laurin-tarina","status":"publish","type":"post","link":"https:\/\/jotteimeitaunohdettaisi.fi\/index.php\/2023\/03\/22\/laurin-tarina\/","title":{"rendered":"Laurin tarina"},"content":{"rendered":"<div class=\"wp-block-image\">\n<figure class=\"aligncenter size-large is-resized\"><img loading=\"lazy\" decoding=\"async\" width=\"724\" height=\"1024\" src=\"https:\/\/jotteimeitaunohdettaisi.fi\/wp-content\/uploads\/2023\/03\/lauri_kansi2203-724x1024.jpg\" alt=\"\" class=\"wp-image-239\" style=\"aspect-ratio:0.7070418057542521;width:508px;height:auto\" srcset=\"https:\/\/jotteimeitaunohdettaisi.fi\/wp-content\/uploads\/2023\/03\/lauri_kansi2203-724x1024.jpg 724w, https:\/\/jotteimeitaunohdettaisi.fi\/wp-content\/uploads\/2023\/03\/lauri_kansi2203-212x300.jpg 212w, https:\/\/jotteimeitaunohdettaisi.fi\/wp-content\/uploads\/2023\/03\/lauri_kansi2203-768x1086.jpg 768w, https:\/\/jotteimeitaunohdettaisi.fi\/wp-content\/uploads\/2023\/03\/lauri_kansi2203-1086x1536.jpg 1086w, https:\/\/jotteimeitaunohdettaisi.fi\/wp-content\/uploads\/2023\/03\/lauri_kansi2203-1448x2048.jpg 1448w, https:\/\/jotteimeitaunohdettaisi.fi\/wp-content\/uploads\/2023\/03\/lauri_kansi2203-1140x1613.jpg 1140w, https:\/\/jotteimeitaunohdettaisi.fi\/wp-content\/uploads\/2023\/03\/lauri_kansi2203-scaled.jpg 1810w\" sizes=\"auto, (max-width: 724px) 100vw, 724px\" \/><figcaption class=\"wp-element-caption\">Lauri kuvattuna armeijan sotilaspuvussa<\/figcaption><\/figure>\n<\/div>\n\n\n<p>Lauri Juppi syntyi 3. huhtikuuta vuonna 1921 Suoj\u00e4rvell\u00e4 Anni ja Mikko Jupin kaksitoistalapsisen perheen kuudenneksi lapseksi ja kolmanneksi vanhimmaksi pojaksi. <\/p>\n\n\n<div class=\"wp-block-image\">\n<figure class=\"aligncenter size-large is-resized\"><img loading=\"lazy\" decoding=\"async\" width=\"1024\" height=\"764\" src=\"https:\/\/jotteimeitaunohdettaisi.fi\/wp-content\/uploads\/2023\/03\/2b-Vaaksaus-Jupin-perhepotretti_edited-\u2013-kopio-1024x764.jpg\" alt=\"\" class=\"wp-image-252\" style=\"width:650px;height:auto\" srcset=\"https:\/\/jotteimeitaunohdettaisi.fi\/wp-content\/uploads\/2023\/03\/2b-Vaaksaus-Jupin-perhepotretti_edited-\u2013-kopio-1024x764.jpg 1024w, https:\/\/jotteimeitaunohdettaisi.fi\/wp-content\/uploads\/2023\/03\/2b-Vaaksaus-Jupin-perhepotretti_edited-\u2013-kopio-300x224.jpg 300w, https:\/\/jotteimeitaunohdettaisi.fi\/wp-content\/uploads\/2023\/03\/2b-Vaaksaus-Jupin-perhepotretti_edited-\u2013-kopio-768x573.jpg 768w, https:\/\/jotteimeitaunohdettaisi.fi\/wp-content\/uploads\/2023\/03\/2b-Vaaksaus-Jupin-perhepotretti_edited-\u2013-kopio-1140x851.jpg 1140w, https:\/\/jotteimeitaunohdettaisi.fi\/wp-content\/uploads\/2023\/03\/2b-Vaaksaus-Jupin-perhepotretti_edited-\u2013-kopio.jpg 1285w\" sizes=\"auto, (max-width: 1024px) 100vw, 1024px\" \/><figcaption class=\"wp-element-caption\">Lauri kuvassa laitimmaisena oikealla. Keskell\u00e4 Laurin vanhemmat Anni ja Mikko Juppi. Kuvaaja ei tiedossa, mutta kuva otettu vuoden 1927 paikkeilla, jolloin Lauri olisi ollut kuvaushetkell\u00e4 noin kuusivuotias.<\/figcaption><\/figure>\n<\/div>\n\n\n<p class=\"has-text-align-left\">Laurilla oli aikalaistensa tavoin useita sisaruksia ja heid\u00e4n perheens\u00e4 asui 1900-luvun alussa Suoj\u00e4rven Vaaksauksessa. Suoj\u00e4rvest\u00e4 voi lukea lis\u00e4\u00e4 seuraavan linkin kautta: <a href=\"https:\/\/fi.wikipedia.org\/wiki\/Suoj%C3%A4rvi\">https:\/\/fi.wikipedia.org\/wiki\/Suoj%C3%A4rvi<\/a><\/p>\n\n\n<div class=\"wp-block-image\">\n<figure class=\"aligncenter size-large is-resized\"><img loading=\"lazy\" decoding=\"async\" width=\"661\" height=\"1024\" src=\"https:\/\/jotteimeitaunohdettaisi.fi\/wp-content\/uploads\/2023\/03\/A-Vaaksaus-Lauri-Vanja-eli-Johannes-ja-Aleksi_edited-661x1024.jpg\" alt=\"\" class=\"wp-image-253\" style=\"width:515px;height:auto\" srcset=\"https:\/\/jotteimeitaunohdettaisi.fi\/wp-content\/uploads\/2023\/03\/A-Vaaksaus-Lauri-Vanja-eli-Johannes-ja-Aleksi_edited-661x1024.jpg 661w, https:\/\/jotteimeitaunohdettaisi.fi\/wp-content\/uploads\/2023\/03\/A-Vaaksaus-Lauri-Vanja-eli-Johannes-ja-Aleksi_edited-194x300.jpg 194w, https:\/\/jotteimeitaunohdettaisi.fi\/wp-content\/uploads\/2023\/03\/A-Vaaksaus-Lauri-Vanja-eli-Johannes-ja-Aleksi_edited-768x1190.jpg 768w, https:\/\/jotteimeitaunohdettaisi.fi\/wp-content\/uploads\/2023\/03\/A-Vaaksaus-Lauri-Vanja-eli-Johannes-ja-Aleksi_edited.jpg 923w\" sizes=\"auto, (max-width: 661px) 100vw, 661px\" \/><figcaption class=\"wp-element-caption\">Lauri veljiens\u00e4 Johanneksen ja Ollin (Aleksi) kanssa kuvattuna mahdollisesti Suoj\u00e4rvell\u00e4.<\/figcaption><\/figure>\n<\/div>\n\n<div class=\"wp-block-image\">\n<figure class=\"aligncenter size-large is-resized\"><img loading=\"lazy\" decoding=\"async\" width=\"667\" height=\"1024\" src=\"https:\/\/jotteimeitaunohdettaisi.fi\/wp-content\/uploads\/2023\/03\/Jupin-poikii-Lauri_edited2-667x1024.jpg\" alt=\"\" class=\"wp-image-267\" style=\"width:517px;height:auto\" srcset=\"https:\/\/jotteimeitaunohdettaisi.fi\/wp-content\/uploads\/2023\/03\/Jupin-poikii-Lauri_edited2-667x1024.jpg 667w, https:\/\/jotteimeitaunohdettaisi.fi\/wp-content\/uploads\/2023\/03\/Jupin-poikii-Lauri_edited2-195x300.jpg 195w, https:\/\/jotteimeitaunohdettaisi.fi\/wp-content\/uploads\/2023\/03\/Jupin-poikii-Lauri_edited2-768x1179.jpg 768w, https:\/\/jotteimeitaunohdettaisi.fi\/wp-content\/uploads\/2023\/03\/Jupin-poikii-Lauri_edited2.jpg 942w\" sizes=\"auto, (max-width: 667px) 100vw, 667px\" \/><figcaption class=\"wp-element-caption\">Sotilansarvoltaan Lauri oli korpraali ja taisteli joukko-osastossa 141.It.KKK. Kuvauspaikka eik\u00e4 kuvaaja ole tiedossa. <\/figcaption><\/figure>\n<\/div>\n\n\n<p class=\"has-text-align-center\"><a href=\"https:\/\/www.sotapolku.fi\/henkilot\/juppi_lauri_1920-04-03_suojarvi\/\">https:\/\/www.sotapolku.fi\/henkilot\/juppi_lauri_1920-04-03_suojarvi\/<\/a><\/p>\n\n\n<div class=\"wp-block-image\">\n<figure class=\"aligncenter size-large is-resized\"><img loading=\"lazy\" decoding=\"async\" width=\"1024\" height=\"647\" src=\"https:\/\/jotteimeitaunohdettaisi.fi\/wp-content\/uploads\/2023\/03\/A-Lauri-ja-Johannes-1938-Vuonteleen-praasniekoilla_edited2-1024x647.jpg\" alt=\"\" class=\"wp-image-256\" style=\"aspect-ratio:1.58;width:521px;height:auto\" srcset=\"https:\/\/jotteimeitaunohdettaisi.fi\/wp-content\/uploads\/2023\/03\/A-Lauri-ja-Johannes-1938-Vuonteleen-praasniekoilla_edited2-1024x647.jpg 1024w, https:\/\/jotteimeitaunohdettaisi.fi\/wp-content\/uploads\/2023\/03\/A-Lauri-ja-Johannes-1938-Vuonteleen-praasniekoilla_edited2-300x189.jpg 300w, https:\/\/jotteimeitaunohdettaisi.fi\/wp-content\/uploads\/2023\/03\/A-Lauri-ja-Johannes-1938-Vuonteleen-praasniekoilla_edited2-768x485.jpg 768w, https:\/\/jotteimeitaunohdettaisi.fi\/wp-content\/uploads\/2023\/03\/A-Lauri-ja-Johannes-1938-Vuonteleen-praasniekoilla_edited2-1536x970.jpg 1536w, https:\/\/jotteimeitaunohdettaisi.fi\/wp-content\/uploads\/2023\/03\/A-Lauri-ja-Johannes-1938-Vuonteleen-praasniekoilla_edited2-1140x720.jpg 1140w, https:\/\/jotteimeitaunohdettaisi.fi\/wp-content\/uploads\/2023\/03\/A-Lauri-ja-Johannes-1938-Vuonteleen-praasniekoilla_edited2.jpg 1815w\" sizes=\"auto, (max-width: 1024px) 100vw, 1024px\" \/><figcaption class=\"wp-element-caption\">Lauri kuvattuna Vuonteleen praasniekoilla. Lauri seisoo takana <\/figcaption><\/figure>\n<\/div>\n\n\n<p>Praasniekoista voit lukea <a rel=\"noreferrer noopener\" href=\"https:\/\/fi.wikipedia.org\/wiki\/Praasniekka\" target=\"_blank\">https:\/\/fi.wikipedia.org\/wiki\/Praasniekka<\/a><\/p>\n\n\n\n<p>Laurista on hyvin v\u00e4h\u00e4n kuvia ja tietojakaan, sill\u00e4 h\u00e4nen el\u00e4m\u00e4ns\u00e4 j\u00e4i hyvin lyhyeksi. Lauri ei ehtinyt avioitua eik\u00e4 h\u00e4n saanut lapsia, sill\u00e4 h\u00e4n menehtyi 11.4.1942 juuri 22-vuotta t\u00e4ytetty\u00e4\u00e4n. H\u00e4net surmasi ven\u00e4l\u00e4isen sotilaan ampuma kiv\u00e4\u00e4rin luoti, joka osui h\u00e4nen vasempaan rintakeh\u00e4\u00e4ns\u00e4 Simanovassa. Simanovan kyl\u00e4 sijaitsee \u00c4\u00e4nisen etel\u00e4puolella joka sijaitsee nyky\u00e4\u00e4n Ven\u00e4j\u00e4lle kuuluvalla alueella. Tapahtumasta on kirjoitettu sotap\u00e4iv\u00e4kirjoihin ja siit\u00e4 tapahtumasta on kirjoittanut my\u00f6s Ensio Kettunen kirjassaan Levinan miehet. Kirja on saatavissa mm. <a rel=\"noreferrer noopener\" href=\"https:\/\/www.adlibris.com\/fi\/kirja\/levinan-miehet-9789523301580\" target=\"_blank\">https:\/\/www.adlibris.com\/fi\/kirja\/levinan-miehet-9789523301580<\/a><\/p>\n\n\n\n<p><\/p>\n\n\n\n<p class=\"has-text-align-left\">Laurin hautapaikka sijaitsee Suoj\u00e4rven Kuikkaniemen sankarihautausmaalla. <a rel=\"noreferrer noopener\" href=\"https:\/\/karjalansankarihautausmaat.fi\/hautausmaat\/kuikkaniemen-sankarihautausmaa\/\" target=\"_blank\">https:\/\/karjalansankarihautausmaat.fi\/hautausmaat\/kuikkaniemen-sankarihautausmaa\/<\/a><\/p>\n\n\n\n<p class=\"has-text-align-left\"><\/p>\n\n\n<div class=\"wp-block-image\">\n<figure class=\"aligncenter size-large is-resized\"><img loading=\"lazy\" decoding=\"async\" width=\"768\" height=\"1024\" src=\"https:\/\/jotteimeitaunohdettaisi.fi\/wp-content\/uploads\/2023\/07\/Y-IMG-20221031-WA0005-768x1024.jpg\" alt=\"\" class=\"wp-image-427\" style=\"width:619px;height:auto\" srcset=\"https:\/\/jotteimeitaunohdettaisi.fi\/wp-content\/uploads\/2023\/07\/Y-IMG-20221031-WA0005-768x1024.jpg 768w, https:\/\/jotteimeitaunohdettaisi.fi\/wp-content\/uploads\/2023\/07\/Y-IMG-20221031-WA0005-225x300.jpg 225w, https:\/\/jotteimeitaunohdettaisi.fi\/wp-content\/uploads\/2023\/07\/Y-IMG-20221031-WA0005-1152x1536.jpg 1152w, https:\/\/jotteimeitaunohdettaisi.fi\/wp-content\/uploads\/2023\/07\/Y-IMG-20221031-WA0005-1140x1520.jpg 1140w, https:\/\/jotteimeitaunohdettaisi.fi\/wp-content\/uploads\/2023\/07\/Y-IMG-20221031-WA0005.jpg 1536w\" sizes=\"auto, (max-width: 768px) 100vw, 768px\" \/><figcaption class=\"wp-element-caption\">Kuvanottaja Mika Kemppainen. Ristiss\u00e4 oleva syntym\u00e4vuosi on virheellinen. Lauri syntyi vuonna 1921<\/figcaption><\/figure>\n<\/div>","protected":false},"excerpt":{"rendered":"<p>Lauri Juppi syntyi 3. huhtikuuta vuonna 1921 Suoj\u00e4rvell\u00e4 Anni ja Mikko Jupin kaksitoistalapsisen perheen kuudenneksi lapseksi ja kolmanneksi vanhimmaksi pojaksi. Laurilla oli aikalaistensa tavoin useita sisaruksia ja heid\u00e4n perheens\u00e4 asui 1900-luvun alussa Suoj\u00e4rven Vaaksauksessa. Suoj\u00e4rvest\u00e4 voi lukea lis\u00e4\u00e4 seuraavan linkin kautta: https:\/\/fi.wikipedia.org\/wiki\/Suoj%C3%A4rvi https:\/\/www.sotapolku.fi\/henkilot\/juppi_lauri_1920-04-03_suojarvi\/ Praasniekoista voit lukea https:\/\/fi.wikipedia.org\/wiki\/Praasniekka Laurista on hyvin v\u00e4h\u00e4n kuvia ja tietojakaan, sill\u00e4 h\u00e4nen el\u00e4m\u00e4ns\u00e4 j\u00e4i hyvin lyhyeksi. Lauri ei ehtinyt avioitua eik\u00e4 h\u00e4n saanut lapsia, sill\u00e4 h\u00e4n menehtyi 11.4.1942 juuri 22-vuotta t\u00e4ytetty\u00e4\u00e4n. H\u00e4net surmasi ven\u00e4l\u00e4isen sotilaan ampuma kiv\u00e4\u00e4rin luoti, joka osui h\u00e4nen vasempaan rintakeh\u00e4\u00e4ns\u00e4 Simanovassa. Simanovan kyl\u00e4 sijaitsee \u00c4\u00e4nisen etel\u00e4puolella joka sijaitsee nyky\u00e4\u00e4n Ven\u00e4j\u00e4lle kuuluvalla alueella. Tapahtumasta on kirjoitettu sotap\u00e4iv\u00e4kirjoihin ja siit\u00e4 tapahtumasta on kirjoittanut my\u00f6s Ensio Kettunen kirjassaan Levinan miehet. Kirja on saatavissa mm. https:\/\/www.adlibris.com\/fi\/kirja\/levinan-miehet-9789523301580 Laurin hautapaikka sijaitsee Suoj\u00e4rven Kuikkaniemen sankarihautausmaalla. https:\/\/karjalansankarihautausmaat.fi\/hautausmaat\/kuikkaniemen-sankarihautausmaa\/<\/p>\n","protected":false},"author":1,"featured_media":0,"comment_status":"closed","ping_status":"open","sticky":false,"template":"","format":"standard","meta":{"_jetpack_memberships_contains_paid_content":false,"footnotes":""},"categories":[5],"tags":[],"class_list":["post-238","post","type-post","status-publish","format-standard","hentry","category-valokuvakirjat"],"jetpack_featured_media_url":"","jetpack_sharing_enabled":true,"_links":{"self":[{"href":"https:\/\/jotteimeitaunohdettaisi.fi\/index.php\/wp-json\/wp\/v2\/posts\/238","targetHints":{"allow":["GET"]}}],"collection":[{"href":"https:\/\/jotteimeitaunohdettaisi.fi\/index.php\/wp-json\/wp\/v2\/posts"}],"about":[{"href":"https:\/\/jotteimeitaunohdettaisi.fi\/index.php\/wp-json\/wp\/v2\/types\/post"}],"author":[{"embeddable":true,"href":"https:\/\/jotteimeitaunohdettaisi.fi\/index.php\/wp-json\/wp\/v2\/users\/1"}],"replies":[{"embeddable":true,"href":"https:\/\/jotteimeitaunohdettaisi.fi\/index.php\/wp-json\/wp\/v2\/comments?post=238"}],"version-history":[{"count":23,"href":"https:\/\/jotteimeitaunohdettaisi.fi\/index.php\/wp-json\/wp\/v2\/posts\/238\/revisions"}],"predecessor-version":[{"id":610,"href":"https:\/\/jotteimeitaunohdettaisi.fi\/index.php\/wp-json\/wp\/v2\/posts\/238\/revisions\/610"}],"wp:attachment":[{"href":"https:\/\/jotteimeitaunohdettaisi.fi\/index.php\/wp-json\/wp\/v2\/media?parent=238"}],"wp:term":[{"taxonomy":"category","embeddable":true,"href":"https:\/\/jotteimeitaunohdettaisi.fi\/index.php\/wp-json\/wp\/v2\/categories?post=238"},{"taxonomy":"post_tag","embeddable":true,"href":"https:\/\/jotteimeitaunohdettaisi.fi\/index.php\/wp-json\/wp\/v2\/tags?post=238"}],"curies":[{"name":"wp","href":"https:\/\/api.w.org\/{rel}","templated":true}]}}